{"id":11192,"date":"2015-08-20T12:54:04","date_gmt":"2015-08-20T10:54:04","guid":{"rendered":"http:\/\/netzwerke-21.de\/?p=11192"},"modified":"2015-08-27T13:06:39","modified_gmt":"2015-08-27T11:06:39","slug":"stz-warten-auf-den-s21-laermschutz-2","status":"publish","type":"post","link":"https:\/\/netzwerke-21.de\/?p=11192","title":{"rendered":"StZ: Warten auf den S21-L\u00e4rmschutz"},"content":{"rendered":"<p>Die Stuttgarter Zeitung berichtet in ihrer heutigen Printausgabe (<a title=\"StZ Warten auf den S-21-L\u00e4rmschutz\" href=\"http:\/\/www.stuttgarter-zeitung.de\/inhalt.stuttgart-21-warten-auf-den-s-21-laermschutz.89ad3176-4633-411d-9fda-0882bbdb1e31.html\" target=\"_blank\">hier<\/a>), dass auch st\u00e4dtische und landeseigene Geb\u00e4ude vom Baul\u00e4rm von Stuttgart 21 betroffen sind.\u00a0 Trotz einer Vereinbarung mit der Bahn aus dem Jahr 2003 sind viele Mieter nicht gegen die bereits laufenden lauten Bauarbeiten durch passiven Schallschutz gesch\u00fctzt.<\/p>\n<p>Auf Landesseite betrifft dies vorallem die beiden Wohnh\u00e4user Willy-Brandt-Str. 18 (&#8222;Lotte&#8220;) und 20 im unteren Kernerviertel, die nur ein paar Meter entfernt den jahrelangen Baustellenl\u00e4rm durch Stuttgart 21 ertragen m\u00fcssen, aber bis heute keinen Schallschutz haben. Die Lage f\u00fcr die beiden Geb\u00e4uden ist besonders prek\u00e4r. Sie sind von den jahrelangen sehr lauten Bauarbeiten des Trogbaus f\u00fcr den &#8222;Tiefbahnhof&#8220;, den Bau des Nesend\u00fckers und denen der SSB f\u00fcr die neue Tunnelanbindung und Haltestelle Staatsgalerie direkt betroffen. Wenn nach mehreren Jahren diese Baustellen abgeschlossen sind, kommt der Abbruch der N 14 und die neue Untertunnelung der B 14 auf H\u00f6he der S\u00e4ngerstra\u00dfe sowie der Bau des Deckels vor dem neuen Bahnhofsvorplatz. Diese Bauarbeiten werden sich bis mindestens 2021 hinziehen. Schon jetzt ist absehbar, dass diese H\u00e4user mindestens sieben Jahre dem Baul\u00e4rm unmittelbar ausgesetzt sind.<\/p>\n<p>Rechtsanwalt Bernhard Ludwig, der mehrere von Stuttgart 21 Betroffene im Kernerviertel vertritt, hatte wegen des fehlenden L\u00e4mschutzes bei dem f\u00fcr die Landesimmobilien zust\u00e4ndigen Landesbetrieb f\u00fcr Verm\u00f6gen und Bau nachgehakt. <a title=\"Nachtrag zur Informationsveranstaltung der Netzwerke im Rathaus am 15.Juli 2015\" href=\"http:\/\/netzwerke-21.de\/?p=10105\" target=\"_blank\">Er hatte dar\u00fcber auch auf der letzten Informationsveranstaltung der Netzwerke im Rathaus kurz dar\u00fcber berichtet, dass hier Anwohner ohne Schallschutz extremen Baul\u00e4rm ausgesetzt sind.<\/a> An mangelnden Informationen, dass die beiden Landesgeb\u00e4ude darauf Anspruch haben, kann es nicht liegen. Die Willy-Brandt-Str.18 ist seit der Planfeststellung in allen schalltechnischen Untersuchungen zum PFA 1.1. als ein besonders belasteter Immissionspunkt aufgelistet. <a href=\"http:\/\/www.bahnprojekt-stuttgart-ulm.de\/no_cache\/mediathek\/detail\/media\/immissionen-detailgutachten-schall\/mediaParameter\/show\/Medium\/\" target=\"_blank\">Das aktuelle schalltechnische Detailgutachten vom 11.12.2014 ist im Internet abrufbar.<\/a><\/p>\n<p>Auch st\u00e4dtische Einrichtungen sind vom Baul\u00e4rm bei Stuttgart 21 betroffen. <a title=\"Gr\u00fcne haken wegen L\u00e4rmschutz bei st\u00e4dtischen Geb\u00e4ude nach + zum Stand der L\u00e4rmplanung f\u00fcr das Kernerviertel\" href=\"http:\/\/netzwerke-21.de\/?p=9065\" target=\"_blank\">Wir haben bereits berichtet, dass die Fraktion der Gr\u00fcnen im Mai 2015 eine Anfrage an die Stadt gestellt hat.<\/a> Die beiden Stadtr\u00e4te Peter P\u00e4tzold und Clarissa Seitz forderten von der Stadtverwaltung Informationen, wie es bei den st\u00e4dtischen Geb\u00e4uden um den aktiven und passiven L\u00e4rmschutz bei Stuttgart 21 bestellt ist. Diese Anfrage ist bis heute bei der Stadt in Bearbeitung. Klar ist, dass beispielsweise die L\u00e4rmwerte bei der Fl\u00fcchtlingsunterkunft in der Nordbahnhofstr.161 die L\u00e4rmwerte \u00fcbersteigen. Die Initiative Nordlichter hakte hier mehrfach bei der Stadt nach passivem Schallschutz nach, da die L\u00e4rmbelastung durch die nahe Baulogistik bei Stuttgart 21 sehr hoch ist. Auch der Deutschlandfunk berichtete dar\u00fcber. Dennoch tat sich bislang nichts. Auch das aktuellste schalltechnische Detailgutachten zum PFA 1.5. weist f\u00fcr den jahrelangen Baustellenbetrieb und Lkw-Verkehr tags\u00fcber hohe \u00dcberschreitungen und im Nachtzeitraum sogar \u00dcberschreitungen \u00fcber + 20 dB(A) auf, die nach der AVV-Baul\u00e4rm ohne aktive Schutzma\u00dfnahmen nicht zul\u00e4ssig sind. <a title=\"Warum soviel lauter und deutlich mehr Lkws im Nachtzeitraum? Netzwerk Killesberg hakt wegen neuem L\u00e4rmgutachten nach\" href=\"http:\/\/netzwerke-21.de\/?p=10786\" target=\"_blank\">Das Netzwerk Killesberg und Umgebung e.V. hat in einem Schreiben an den Vorstand der DB Projekt Stuttgart-Ulm GmbH darauf hingewiesen. <\/a><\/p>\n<p>Dass Anwohner und auch Mieter bei zu lauten Baustellen bzw. fehlendem Schallschutz gerichtlich die vorr\u00fcbergehende Stilllegung der Baustelle erreichen k\u00f6nnen, dar\u00fcber haben wir in unserem Beitrag <a title=\"Neues Urteil des Verwaltungsgerichtshofs BW: Anwohner k\u00f6nnen bei unzumutbarem Baul\u00e4rm Baustopp erzwingen\" href=\"http:\/\/netzwerke-21.de\/?p=10531\" target=\"_blank\">&#8222;Neues Urteil des Verwaltungsgerichtshofs BW: Anwohner k\u00f6nnen bei unzumutbarem Baul\u00e4rm Baustopp erzwingen<\/a>&#8220; berichtet.<\/p>\n","protected":false},"excerpt":{"rendered":"<p>Die Stuttgarter Zeitung berichtet in ihrer heutigen Printausgabe (hier), dass auch st\u00e4dtische und landeseigene Geb\u00e4ude vom Baul\u00e4rm von Stuttgart 21 betroffen sind.\u00a0 Trotz einer Vereinbarung mit der Bahn aus dem Jahr 2003 sind viele Mieter nicht gegen die bereits laufenden &hellip; <a href=\"https:\/\/netzwerke-21.de\/?p=11192\">Weiterlesen <span class=\"meta-nav\">&rarr;<\/span><\/a><\/p>\n","protected":false},"author":6,"featured_media":0,"comment_status":"closed","ping_status":"closed","sticky":false,"template":"","format":"standard","meta":{"footnotes":""},"categories":[8,21,39,13,60,11,26,58],"tags":[],"class_list":["post-11192","post","type-post","status-publish","format-standard","hentry","category-bauarbeiten","category-kernerviertel","category-land-bw","category-laerm","category-nesenbachdueker","category-ssb","category-stadt-stuttgart","category-tiefbahnhof"],"_links":{"self":[{"href":"https:\/\/netzwerke-21.de\/index.php?rest_route=\/wp\/v2\/posts\/11192","targetHints":{"allow":["GET"]}}],"collection":[{"href":"https:\/\/netzwerke-21.de\/index.php?rest_route=\/wp\/v2\/posts"}],"about":[{"href":"https:\/\/netzwerke-21.de\/index.php?rest_route=\/wp\/v2\/types\/post"}],"author":[{"embeddable":true,"href":"https:\/\/netzwerke-21.de\/index.php?rest_route=\/wp\/v2\/users\/6"}],"replies":[{"embeddable":true,"href":"https:\/\/netzwerke-21.de\/index.php?rest_route=%2Fwp%2Fv2%2Fcomments&post=11192"}],"version-history":[{"count":14,"href":"https:\/\/netzwerke-21.de\/index.php?rest_route=\/wp\/v2\/posts\/11192\/revisions"}],"predecessor-version":[{"id":11237,"href":"https:\/\/netzwerke-21.de\/index.php?rest_route=\/wp\/v2\/posts\/11192\/revisions\/11237"}],"wp:attachment":[{"href":"https:\/\/netzwerke-21.de\/index.php?rest_route=%2Fwp%2Fv2%2Fmedia&parent=11192"}],"wp:term":[{"taxonomy":"category","embeddable":true,"href":"https:\/\/netzwerke-21.de\/index.php?rest_route=%2Fwp%2Fv2%2Fcategories&post=11192"},{"taxonomy":"post_tag","embeddable":true,"href":"https:\/\/netzwerke-21.de\/index.php?rest_route=%2Fwp%2Fv2%2Ftags&post=11192"}],"curies":[{"name":"wp","href":"https:\/\/api.w.org\/{rel}","templated":true}]}}