{"id":10657,"date":"2015-08-05T22:32:42","date_gmt":"2015-08-05T20:32:42","guid":{"rendered":"http:\/\/netzwerke-21.de\/?p=10657"},"modified":"2015-08-09T20:46:08","modified_gmt":"2015-08-09T18:46:08","slug":"sz-stuttgart-21-eng-schmutzig-und-sehr-laut","status":"publish","type":"post","link":"https:\/\/netzwerke-21.de\/?p=10657","title":{"rendered":"S\u00fcddeutsche Zeitung: Stuttgart 21- Eng, schmutzig und sehr laut"},"content":{"rendered":"<p>\u00dcber Stuttgart 21 wird in der \u00fcberregionalen Presse nur noch vereinzelt berichtet. Wenn, dann meist noch wegen der steigenden Kosten des Milliardenprojektes in einem Atemzug mit dem skandaltr\u00e4chtigen BER. Heute ver\u00f6ffentlichte die S\u00fcddeutschen Zeitung einen kurzen Beitrag &#8222;<a title=\"SZ eng, schmutzig und sehr laut\" href=\"http:\/\/www.sueddeutsche.de\/politik\/stuttgart-eng-schmutzig-und-sehr-laut-1.2596702\" target=\"_blank\">Stuttgart 21 &#8211; Eng, schmutzig und sehr laut&#8220;<\/a> \u00fcber den <em>&#8222;Charme des innerst\u00e4dtischen Bauens&#8220;<\/em> bei Stuttgart 21, den zu niedrigen L\u00e4rmprognosen der Bahn, den dadurch erforderlichen L\u00e4rmschutzw\u00e4nden, den umger\u00fcsteten Baufahrzeugen mit Kr\u00e4chzern und der Aussicht auf Dauerstaus auf der A8. Die zu erwartenden Staus durch die S21-Baustellen entlang der A8, so die SZ, werden alle Autofahrer betreffen: &#8222;<em>Auch wer an Stuttgart vorbei will, steckt m\u00f6glicherweise bald in S 21\u00a0fest.&#8220;<\/em><\/p>\n","protected":false},"excerpt":{"rendered":"<p>\u00dcber Stuttgart 21 wird in der \u00fcberregionalen Presse nur noch vereinzelt berichtet. Wenn, dann meist noch wegen der steigenden Kosten des Milliardenprojektes in einem Atemzug mit dem skandaltr\u00e4chtigen BER. Heute ver\u00f6ffentlichte die S\u00fcddeutschen Zeitung einen kurzen Beitrag &#8222;Stuttgart 21 &#8211; &hellip; <a href=\"https:\/\/netzwerke-21.de\/?p=10657\">Weiterlesen <span class=\"meta-nav\">&rarr;<\/span><\/a><\/p>\n","protected":false},"author":6,"featured_media":0,"comment_status":"closed","ping_status":"closed","sticky":false,"template":"","format":"standard","meta":{"footnotes":""},"categories":[8,28,45,46,21,20,59,13,26,24],"tags":[],"class_list":["post-10657","post","type-post","status-publish","format-standard","hentry","category-bauarbeiten","category-bauinfo-kommunikationsbuero","category-fasanenhof","category-filderbereich","category-kernerviertel","category-killesberg","category-kosten","category-laerm","category-stadt-stuttgart","category-verkehr"],"_links":{"self":[{"href":"https:\/\/netzwerke-21.de\/index.php?rest_route=\/wp\/v2\/posts\/10657","targetHints":{"allow":["GET"]}}],"collection":[{"href":"https:\/\/netzwerke-21.de\/index.php?rest_route=\/wp\/v2\/posts"}],"about":[{"href":"https:\/\/netzwerke-21.de\/index.php?rest_route=\/wp\/v2\/types\/post"}],"author":[{"embeddable":true,"href":"https:\/\/netzwerke-21.de\/index.php?rest_route=\/wp\/v2\/users\/6"}],"replies":[{"embeddable":true,"href":"https:\/\/netzwerke-21.de\/index.php?rest_route=%2Fwp%2Fv2%2Fcomments&post=10657"}],"version-history":[{"count":16,"href":"https:\/\/netzwerke-21.de\/index.php?rest_route=\/wp\/v2\/posts\/10657\/revisions"}],"predecessor-version":[{"id":10753,"href":"https:\/\/netzwerke-21.de\/index.php?rest_route=\/wp\/v2\/posts\/10657\/revisions\/10753"}],"wp:attachment":[{"href":"https:\/\/netzwerke-21.de\/index.php?rest_route=%2Fwp%2Fv2%2Fmedia&parent=10657"}],"wp:term":[{"taxonomy":"category","embeddable":true,"href":"https:\/\/netzwerke-21.de\/index.php?rest_route=%2Fwp%2Fv2%2Fcategories&post=10657"},{"taxonomy":"post_tag","embeddable":true,"href":"https:\/\/netzwerke-21.de\/index.php?rest_route=%2Fwp%2Fv2%2Ftags&post=10657"}],"curies":[{"name":"wp","href":"https:\/\/api.w.org\/{rel}","templated":true}]}}