{"id":10035,"date":"2015-07-14T06:59:12","date_gmt":"2015-07-14T04:59:12","guid":{"rendered":"http:\/\/netzwerke-21.de\/?p=10035"},"modified":"2015-07-14T09:32:41","modified_gmt":"2015-07-14T07:32:41","slug":"frank-schweizer-auf-der-279-montagsdemo","status":"publish","type":"post","link":"https:\/\/netzwerke-21.de\/?p=10035","title":{"rendered":"Frank Schweizer auf der 279. Montagsdemo"},"content":{"rendered":"<p>Frank Schweizer, Initiator der Netzwerke,\u00a0 sprach gestern auf der 279.Montagsdemo. Seinen Redetext &#8222;<em>Offenbarungseid beim L\u00e4rmschutz<\/em>&#8220; finden Sie <a title=\"BAA Rede von Frank Schweizer bei der 279. Montagsdemo\" href=\"http:\/\/www.bei-abriss-aufstand.de\/2015\/07\/14\/rede-von-frank-schweizer-bei-der-279-montagsdemo\/\" target=\"_blank\">hier<\/a>. Er fordert in seiner Rede erneut eine st\u00e4dtische Ombudsstelle f\u00fcr die von Gro\u00dfbaustellen betroffenen Anwohner und eine Abl\u00f6sung des f\u00fcr Stuttgart 21 von der Bahn ernannten Immissionsschutzbeauftragten f\u00fcr L\u00e4rm und Ersch\u00fctterung.<\/p>\n","protected":false},"excerpt":{"rendered":"<p>Frank Schweizer, Initiator der Netzwerke,\u00a0 sprach gestern auf der 279.Montagsdemo. Seinen Redetext &#8222;Offenbarungseid beim L\u00e4rmschutz&#8220; finden Sie hier. Er fordert in seiner Rede erneut eine st\u00e4dtische Ombudsstelle f\u00fcr die von Gro\u00dfbaustellen betroffenen Anwohner und eine Abl\u00f6sung des f\u00fcr Stuttgart 21 &hellip; <a href=\"https:\/\/netzwerke-21.de\/?p=10035\">Weiterlesen <span class=\"meta-nav\">&rarr;<\/span><\/a><\/p>\n","protected":false},"author":6,"featured_media":0,"comment_status":"closed","ping_status":"closed","sticky":false,"template":"","format":"standard","meta":{"footnotes":""},"categories":[1,8,19,27,21,20,13,22,30],"tags":[],"class_list":["post-10035","post","type-post","status-publish","format-standard","hentry","category-allgemein","category-bauarbeiten","category-demoreden-netzwerke","category-erschuetterungen","category-kernerviertel","category-killesberg","category-laerm","category-untertuerkheim","category-wangen"],"_links":{"self":[{"href":"https:\/\/netzwerke-21.de\/index.php?rest_route=\/wp\/v2\/posts\/10035","targetHints":{"allow":["GET"]}}],"collection":[{"href":"https:\/\/netzwerke-21.de\/index.php?rest_route=\/wp\/v2\/posts"}],"about":[{"href":"https:\/\/netzwerke-21.de\/index.php?rest_route=\/wp\/v2\/types\/post"}],"author":[{"embeddable":true,"href":"https:\/\/netzwerke-21.de\/index.php?rest_route=\/wp\/v2\/users\/6"}],"replies":[{"embeddable":true,"href":"https:\/\/netzwerke-21.de\/index.php?rest_route=%2Fwp%2Fv2%2Fcomments&post=10035"}],"version-history":[{"count":6,"href":"https:\/\/netzwerke-21.de\/index.php?rest_route=\/wp\/v2\/posts\/10035\/revisions"}],"predecessor-version":[{"id":10059,"href":"https:\/\/netzwerke-21.de\/index.php?rest_route=\/wp\/v2\/posts\/10035\/revisions\/10059"}],"wp:attachment":[{"href":"https:\/\/netzwerke-21.de\/index.php?rest_route=%2Fwp%2Fv2%2Fmedia&parent=10035"}],"wp:term":[{"taxonomy":"category","embeddable":true,"href":"https:\/\/netzwerke-21.de\/index.php?rest_route=%2Fwp%2Fv2%2Fcategories&post=10035"},{"taxonomy":"post_tag","embeddable":true,"href":"https:\/\/netzwerke-21.de\/index.php?rest_route=%2Fwp%2Fv2%2Ftags&post=10035"}],"curies":[{"name":"wp","href":"https:\/\/api.w.org\/{rel}","templated":true}]}}